{"id":4862,"date":"2025-09-10T10:22:36","date_gmt":"2025-09-10T08:22:36","guid":{"rendered":"https:\/\/www.vkbohemians.cz\/?p=4862"},"modified":"2025-09-10T10:22:36","modified_gmt":"2025-09-10T08:22:36","slug":"zlato-z-me-u23-v-racicich","status":"publish","type":"post","link":"https:\/\/www.vkbohemians.cz\/?p=4862","title":{"rendered":"Zlato z ME U23 v Ra\u010dic\u00edch"},"content":{"rendered":"\n<p>Na\u0161e vesla\u0159ka Sofie Kub\u00e1tov\u00e1 se stala mistryn\u00ed Evropy do 23, jako \u010dlenka osmiveslice \u017een na ME U23, kter\u00e9 prob\u011bhlo v Ra\u010dic\u00edh 6.-7.9.2025. Dal\u0161\u00edm na\u0161\u00edm z\u00e1stupcem na ME  byl Hynek Lambl, kter\u00fd, jako veslovod mu\u017esk\u00e9ho dvojskifu vybojoval se sv\u00fdm par\u0165\u00e1kem Tade\u00e1\u0161em Mach\u00e1\u010dkem velmi p\u011bkn\u00e9 sedm\u00e9 m\u00edsto.<\/p>\n\n\n\n<figure class=\"wp-block-image size-large\"><a href=\"https:\/\/www.vkbohemians.cz\/wp-content\/uploads\/sf-scaled.jpg\"><img loading=\"lazy\" decoding=\"async\" width=\"1024\" height=\"683\" src=\"https:\/\/www.vkbohemians.cz\/wp-content\/uploads\/sf-1024x683.jpg\" alt=\"\" class=\"wp-image-4863\" srcset=\"https:\/\/www.vkbohemians.cz\/wp-content\/uploads\/sf-1024x683.jpg 1024w, https:\/\/www.vkbohemians.cz\/wp-content\/uploads\/sf-300x200.jpg 300w, https:\/\/www.vkbohemians.cz\/wp-content\/uploads\/sf-768x512.jpg 768w, https:\/\/www.vkbohemians.cz\/wp-content\/uploads\/sf-1536x1024.jpg 1536w, https:\/\/www.vkbohemians.cz\/wp-content\/uploads\/sf-2048x1365.jpg 2048w, https:\/\/www.vkbohemians.cz\/wp-content\/uploads\/sf-450x300.jpg 450w\" sizes=\"(max-width: 1024px) 100vw, 1024px\" \/><\/a><\/figure>\n\n\n\n<figure class=\"wp-block-image size-large\"><a href=\"https:\/\/www.vkbohemians.cz\/wp-content\/uploads\/Hyn.jpg\"><img loading=\"lazy\" decoding=\"async\" width=\"1024\" height=\"683\" src=\"https:\/\/www.vkbohemians.cz\/wp-content\/uploads\/Hyn-1024x683.jpg\" alt=\"\" class=\"wp-image-4864\" srcset=\"https:\/\/www.vkbohemians.cz\/wp-content\/uploads\/Hyn-1024x683.jpg 1024w, https:\/\/www.vkbohemians.cz\/wp-content\/uploads\/Hyn-300x200.jpg 300w, https:\/\/www.vkbohemians.cz\/wp-content\/uploads\/Hyn-768x512.jpg 768w, https:\/\/www.vkbohemians.cz\/wp-content\/uploads\/Hyn-450x300.jpg 450w, https:\/\/www.vkbohemians.cz\/wp-content\/uploads\/Hyn.jpg 1200w\" sizes=\"(max-width: 1024px) 100vw, 1024px\" \/><\/a><\/figure>\n","protected":false},"excerpt":{"rendered":"<p>Na\u0161e vesla\u0159ka Sofie Kub\u00e1tov\u00e1 se stala mistryn\u00ed Evropy do 23, jako \u010dlenka osmiveslice \u017een na ME U23, kter\u00e9 prob\u011bhlo v Ra\u010dic\u00edh 6.-7.9.2025. Dal\u0161\u00edm na\u0161\u00edm z\u00e1stupcem na ME byl Hynek Lambl, kter\u00fd, jako veslovod mu\u017esk\u00e9ho dvojskifu vybojoval se sv\u00fdm par\u0165\u00e1kem Tade\u00e1\u0161em &hellip; <a href=\"https:\/\/www.vkbohemians.cz\/?p=4862\">Cel\u00fd p\u0159\u00edsp\u011bvek <span class=\"meta-nav\">&rarr;<\/span><\/a><\/p>\n","protected":false},"author":1,"featured_media":0,"comment_status":"open","ping_status":"open","sticky":false,"template":"","format":"standard","meta":{"ngg_post_thumbnail":0,"footnotes":""},"categories":[1],"tags":[],"_links":{"self":[{"href":"https:\/\/www.vkbohemians.cz\/index.php?rest_route=\/wp\/v2\/posts\/4862"}],"collection":[{"href":"https:\/\/www.vkbohemians.cz\/index.php?rest_route=\/wp\/v2\/posts"}],"about":[{"href":"https:\/\/www.vkbohemians.cz\/index.php?rest_route=\/wp\/v2\/types\/post"}],"author":[{"embeddable":true,"href":"https:\/\/www.vkbohemians.cz\/index.php?rest_route=\/wp\/v2\/users\/1"}],"replies":[{"embeddable":true,"href":"https:\/\/www.vkbohemians.cz\/index.php?rest_route=%2Fwp%2Fv2%2Fcomments&post=4862"}],"version-history":[{"count":1,"href":"https:\/\/www.vkbohemians.cz\/index.php?rest_route=\/wp\/v2\/posts\/4862\/revisions"}],"predecessor-version":[{"id":4865,"href":"https:\/\/www.vkbohemians.cz\/index.php?rest_route=\/wp\/v2\/posts\/4862\/revisions\/4865"}],"wp:attachment":[{"href":"https:\/\/www.vkbohemians.cz\/index.php?rest_route=%2Fwp%2Fv2%2Fmedia&parent=4862"}],"wp:term":[{"taxonomy":"category","embeddable":true,"href":"https:\/\/www.vkbohemians.cz\/index.php?rest_route=%2Fwp%2Fv2%2Fcategories&post=4862"},{"taxonomy":"post_tag","embeddable":true,"href":"https:\/\/www.vkbohemians.cz\/index.php?rest_route=%2Fwp%2Fv2%2Ftags&post=4862"}],"curies":[{"name":"wp","href":"https:\/\/api.w.org\/{rel}","templated":true}]}}