{"id":2972,"date":"2016-04-20T10:22:18","date_gmt":"2016-04-20T08:22:18","guid":{"rendered":"http:\/\/www.vkbohemians.cz\/?p=2972"},"modified":"2016-04-20T10:22:18","modified_gmt":"2016-04-20T08:22:18","slug":"kontrolni-zavody-3","status":"publish","type":"post","link":"https:\/\/www.vkbohemians.cz\/?p=2972","title":{"rendered":"Kontroln\u00ed z\u00e1vody"},"content":{"rendered":"<p>Kontroln\u00ed z\u00e1vody, kter\u00e9 budou rozhodovat o slo\u017een\u00ed reprezenta\u010dn\u00edch t\u00fdm\u016f, prob\u011bhnou v Ra\u010dic\u00edch 23.-24.4.2016. Nakl\u00e1d\u00e1n\u00ed vleku bude od st\u0159edy 20.4.odpoledne do p\u00e1tku 22.4. do 12.30 hod. Odjezd vleku do Ra\u010dic je v p\u00e1tek 22.4. ve 13.00 hod. Doprava dle dohody. Ubytov\u00e1n\u00ed je zaji\u0161t\u011bno \u010d\u00e1ste\u010dn\u011b v hotelu, \u010d\u00e1ste\u010dn\u011b na &#8222;Krem\u00e1\u010di&#8220;. Na bydlen\u00ed si s sebou vezm\u011bte 400 K\u010d, na stravu po\u010d\u00edtejte 110 K\u010d \/ jedno j\u00eddlo.<\/p>\n<p><span style=\"color: #ffff00;\"><a style=\"color: #ffff00;\" href=\"http:\/\/www.vkbohemians.cz\/wp-content\/uploads\/INFORMACE-KE-KONTROLN\u00cdM-Z\u00c1VOD\u016eM-2016.pdf\">INFORMACE KE KONTROLN\u00cdM Z\u00c1VOD\u016eM 2016<\/a><\/span><\/p>\n<p><span style=\"color: #ffff00;\"><a style=\"color: #ffff00;\" href=\"http:\/\/www.vkbohemians.cz\/wp-content\/uploads\/KZ-seznam-p\u0159ihl\u00e1\u0161en\u00fdch-pos\u00e1dek-ml\u00e1de\u017e.pdf\">KZ seznam p\u0159ihl\u00e1\u0161en\u00fdch pos\u00e1dek ml\u00e1de\u017e<\/a><\/span><\/p>\n<p><span style=\"color: #ffff00;\"> <a style=\"color: #ffff00;\" href=\"http:\/\/www.vkbohemians.cz\/wp-content\/uploads\/KZ-seznam-p\u0159ihl\u00e1\u0161en\u00fdch-pos\u00e1dek-senio\u0159i.pdf\">KZ seznam p\u0159ihl\u00e1\u0161en\u00fdch pos\u00e1dek senio\u0159i<\/a><\/span><\/p>\n<p><span style=\"color: #ffff00;\"><a style=\"color: #ffff00;\" href=\"http:\/\/www.vkbohemians.cz\/wp-content\/uploads\/P\u0159edb\u011b\u017en\u00fd-\u010dasov\u00fd-po\u0159ad-KZ-2016.pdf\">P\u0159edb\u011b\u017en\u00fd \u010dasov\u00fd po\u0159ad KZ 2016<\/a><\/span><\/p>\n<p>&nbsp;<\/p>\n","protected":false},"excerpt":{"rendered":"<p>Kontroln\u00ed z\u00e1vody, kter\u00e9 budou rozhodovat o slo\u017een\u00ed reprezenta\u010dn\u00edch t\u00fdm\u016f, prob\u011bhnou v Ra\u010dic\u00edch 23.-24.4.2016. Nakl\u00e1d\u00e1n\u00ed vleku bude od st\u0159edy 20.4.odpoledne do p\u00e1tku 22.4. do 12.30 hod. Odjezd vleku do Ra\u010dic je v p\u00e1tek 22.4. ve 13.00 hod. Doprava dle dohody. Ubytov\u00e1n\u00ed &hellip; <a href=\"https:\/\/www.vkbohemians.cz\/?p=2972\">Cel\u00fd p\u0159\u00edsp\u011bvek <span class=\"meta-nav\">&rarr;<\/span><\/a><\/p>\n","protected":false},"author":1,"featured_media":0,"comment_status":"open","ping_status":"open","sticky":false,"template":"","format":"standard","meta":{"ngg_post_thumbnail":0,"footnotes":""},"categories":[1],"tags":[],"_links":{"self":[{"href":"https:\/\/www.vkbohemians.cz\/index.php?rest_route=\/wp\/v2\/posts\/2972"}],"collection":[{"href":"https:\/\/www.vkbohemians.cz\/index.php?rest_route=\/wp\/v2\/posts"}],"about":[{"href":"https:\/\/www.vkbohemians.cz\/index.php?rest_route=\/wp\/v2\/types\/post"}],"author":[{"embeddable":true,"href":"https:\/\/www.vkbohemians.cz\/index.php?rest_route=\/wp\/v2\/users\/1"}],"replies":[{"embeddable":true,"href":"https:\/\/www.vkbohemians.cz\/index.php?rest_route=%2Fwp%2Fv2%2Fcomments&post=2972"}],"version-history":[{"count":1,"href":"https:\/\/www.vkbohemians.cz\/index.php?rest_route=\/wp\/v2\/posts\/2972\/revisions"}],"predecessor-version":[{"id":2977,"href":"https:\/\/www.vkbohemians.cz\/index.php?rest_route=\/wp\/v2\/posts\/2972\/revisions\/2977"}],"wp:attachment":[{"href":"https:\/\/www.vkbohemians.cz\/index.php?rest_route=%2Fwp%2Fv2%2Fmedia&parent=2972"}],"wp:term":[{"taxonomy":"category","embeddable":true,"href":"https:\/\/www.vkbohemians.cz\/index.php?rest_route=%2Fwp%2Fv2%2Fcategories&post=2972"},{"taxonomy":"post_tag","embeddable":true,"href":"https:\/\/www.vkbohemians.cz\/index.php?rest_route=%2Fwp%2Fv2%2Ftags&post=2972"}],"curies":[{"name":"wp","href":"https:\/\/api.w.org\/{rel}","templated":true}]}}