{"id":2967,"date":"2016-04-13T13:23:39","date_gmt":"2016-04-13T11:23:39","guid":{"rendered":"http:\/\/www.vkbohemians.cz\/?p=2967"},"modified":"2016-04-13T13:23:39","modified_gmt":"2016-04-13T11:23:39","slug":"horin-mcr-na-dlouhe-trati","status":"publish","type":"post","link":"https:\/\/www.vkbohemians.cz\/?p=2967","title":{"rendered":"Ho\u0159\u00edn &#8211; M\u010cR na dlouh\u00e9 trati"},"content":{"rendered":"<p>Prvn\u00ed z\u00e1vody t\u00e9to sez\u00f3ny m\u00e1 Bohemka \u00fasp\u011b\u0161n\u011b za sebou. Na plavebn\u00edm kan\u00e1le v Ho\u0159\u00edn\u011b u M\u011bln\u00edka se dnes jelo mistrovstv\u00ed republiky na dlouh\u00e9 trati. Z\u00e1vodilo se tedy na vzd\u00e1lenost 6 km. Velmi v\u00fdrazn\u011b do z\u00e1vodu promluvily na\u0161e \u017eeny-skifa\u0159ky. Krist\u00fdna Fleissnerov\u00e1 dojela druh\u00e1, Kam\u010da Ondr\u00e1\u010dkov\u00e1 \u010dtvrt\u00e1 a Eli\u0161ka Dvo\u0159\u00e1kov\u00e1 p\u00e1t\u00e1. Jeliko\u017e jsou Kam\u010da s Elinkou je\u0161t\u011b mlad\u00e9, berou st\u0159\u00edbro a bronz v kategorii do 23 let. Nelze opomenout Kubu T\u0159e\u010dka na dvojce bez kormideln\u00edka lehk\u00fdch vah, kter\u00fd spole\u010dn\u011b s kamar\u00e1dem Honzou Bejbl\u00edkem z VK Sm\u00edchov z vody vylovil hned dv\u011b zlata (jedno za dosp\u011bl\u00e9 a druh\u00e9 z kategorie U23). Z dal\u0161\u00edch v\u00fdsledku zm\u00edn\u00edme mezi mu\u017ei dev\u00e1t\u00e9ho skifa\u0159e Jardu Hellebranda, v juniorsk\u00e9m skifu pak \u0161est\u00e9ho Honzu Fleissnera a \u010dtrn\u00e1ct\u00e9ho Honzu Chl\u00e1dka. Jeliko\u017e je Chladi\u010d junior teprve prvn\u00edm rokem je jeho um\u00edst\u011bn\u00ed celkem pecka. Velmi kvalitn\u00ed byly i v\u00fdsledky 2- mu\u017e\u016f Martin Neuman\/Ond\u0159ej \u0160vec, kter\u00e1 byla celkov\u011b 10., mezi U23 4. a Terky \u0160kvorov\u00e9 na skifu \u017een &#8211; celkov\u011b 8. mezi U23 5. P\u0159\u00edli\u0161 se nevedlo dorostenk\u00e1m, kter\u00e9 obsadily 14. , 18. a 20. m\u00edsto, nicm\u00e9n\u011b v\u0161echny si vybojovaly \u00fa\u010dast na Kontroln\u00edch z\u00e1vodech.<\/p>\n<p><a href=\"http:\/\/www.vkbohemians.cz\/wp-content\/uploads\/Kikina-ho\u015916.jpg\"><img loading=\"lazy\" decoding=\"async\" class=\"aligncenter  wp-image-2968\" src=\"http:\/\/www.vkbohemians.cz\/wp-content\/uploads\/Kikina-ho\u015916.jpg\" alt=\"Kikina ho\u015916\" width=\"212\" height=\"374\" \/><\/a><\/p>\n<p><a href=\"http:\/\/www.vkbohemians.cz\/wp-content\/uploads\/Holky-hor\u00edn-16.jpg\"><img loading=\"lazy\" decoding=\"async\" class=\"aligncenter  wp-image-2969\" src=\"http:\/\/www.vkbohemians.cz\/wp-content\/uploads\/Holky-hor\u00edn-16-169x300.jpg\" alt=\"Holky hor\u00edn 16\" width=\"242\" height=\"430\" srcset=\"https:\/\/www.vkbohemians.cz\/wp-content\/uploads\/Holky-hor\u00edn-16-169x300.jpg 169w, https:\/\/www.vkbohemians.cz\/wp-content\/uploads\/Holky-hor\u00edn-16.jpg 270w\" sizes=\"(max-width: 242px) 100vw, 242px\" \/><\/a><\/p>\n","protected":false},"excerpt":{"rendered":"<p>Prvn\u00ed z\u00e1vody t\u00e9to sez\u00f3ny m\u00e1 Bohemka \u00fasp\u011b\u0161n\u011b za sebou. Na plavebn\u00edm kan\u00e1le v Ho\u0159\u00edn\u011b u M\u011bln\u00edka se dnes jelo mistrovstv\u00ed republiky na dlouh\u00e9 trati. Z\u00e1vodilo se tedy na vzd\u00e1lenost 6 km. Velmi v\u00fdrazn\u011b do z\u00e1vodu promluvily na\u0161e \u017eeny-skifa\u0159ky. Krist\u00fdna Fleissnerov\u00e1 &hellip; <a href=\"https:\/\/www.vkbohemians.cz\/?p=2967\">Cel\u00fd p\u0159\u00edsp\u011bvek <span class=\"meta-nav\">&rarr;<\/span><\/a><\/p>\n","protected":false},"author":3,"featured_media":0,"comment_status":"open","ping_status":"open","sticky":false,"template":"","format":"standard","meta":{"ngg_post_thumbnail":0,"footnotes":""},"categories":[1],"tags":[],"_links":{"self":[{"href":"https:\/\/www.vkbohemians.cz\/index.php?rest_route=\/wp\/v2\/posts\/2967"}],"collection":[{"href":"https:\/\/www.vkbohemians.cz\/index.php?rest_route=\/wp\/v2\/posts"}],"about":[{"href":"https:\/\/www.vkbohemians.cz\/index.php?rest_route=\/wp\/v2\/types\/post"}],"author":[{"embeddable":true,"href":"https:\/\/www.vkbohemians.cz\/index.php?rest_route=\/wp\/v2\/users\/3"}],"replies":[{"embeddable":true,"href":"https:\/\/www.vkbohemians.cz\/index.php?rest_route=%2Fwp%2Fv2%2Fcomments&post=2967"}],"version-history":[{"count":1,"href":"https:\/\/www.vkbohemians.cz\/index.php?rest_route=\/wp\/v2\/posts\/2967\/revisions"}],"predecessor-version":[{"id":2970,"href":"https:\/\/www.vkbohemians.cz\/index.php?rest_route=\/wp\/v2\/posts\/2967\/revisions\/2970"}],"wp:attachment":[{"href":"https:\/\/www.vkbohemians.cz\/index.php?rest_route=%2Fwp%2Fv2%2Fmedia&parent=2967"}],"wp:term":[{"taxonomy":"category","embeddable":true,"href":"https:\/\/www.vkbohemians.cz\/index.php?rest_route=%2Fwp%2Fv2%2Fcategories&post=2967"},{"taxonomy":"post_tag","embeddable":true,"href":"https:\/\/www.vkbohemians.cz\/index.php?rest_route=%2Fwp%2Fv2%2Ftags&post=2967"}],"curies":[{"name":"wp","href":"https:\/\/api.w.org\/{rel}","templated":true}]}}